{"id":1349,"date":"2026-08-07T12:10:57","date_gmt":"2026-08-07T12:10:57","guid":{"rendered":"https:\/\/fvb.ch\/?p=1349"},"modified":"2026-08-07T12:25:22","modified_gmt":"2026-08-07T12:25:22","slug":"25-november-2026-jei-journee-romande-pour-leclairage-interieur","status":"publish","type":"post","link":"https:\/\/fvb.ch\/de\/25-november-2026-jei-journee-romande-pour-leclairage-interieur\/","title":{"rendered":"25. November 2026 \u2013 JEI Journ\u00e9e Romande pour l&#8217;Eclairage Int\u00e9rieur"},"content":{"rendered":"\n<p class=\"wp-block-paragraph\">Die Westschweizer Veranstaltung \u201cJourn\u00e9e romande pour l\u2019\u00e9clairage int\u00e9rieur (JEI)\u201d findet am 26. November 2026 in Lausanne statt und bringt Fachpersonen aus den Bereichen Lichtplanung, Architektur, Geb\u00e4udetechnik und Energie zusammen. Im Zentrum stehen aktuelle Entwicklungen, Herausforderungen und L\u00f6sungsans\u00e4tze rund um die Innenbeleuchtung.<\/p>\n\n\n\n<p class=\"wp-block-paragraph\">Wie l\u00e4sst sich eine Beleuchtung gestalten, die den Bed\u00fcrfnissen einer alternden Gesellschaft gerecht wird? Welchen Einfluss hat Licht auf unsere biologischen Rhythmen, unsere Aufmerksamkeit und unser Wohlbefinden? Sind etablierte Bewertungsgr\u00f6ssen wie der UGR-Wert noch ausreichend, um moderne Leuchten zu beurteilen? Und wie k\u00f6nnen die Qualit\u00e4t von LEDs, ihre Farbwiedergabe und ihre tats\u00e4chliche Leistungsf\u00e4higkeit besser bewertet werden?<\/p>\n\n\n\n<p class=\"wp-block-paragraph\">Ein weiterer Schwerpunkt liegt auf den aktuellen normativen Anforderungen, den Entwicklungen in der Sicherheitsbeleuchtung sowie den vom Bundesamt f\u00fcr Energie (BFE) bereitgestellten Instrumenten zur F\u00f6rderung energieeffizienter Beleuchtungsanlagen. Auch die Messtechnik nimmt einen wichtigen Stellenwert ein: Wie kann eine Anlage fachgerecht \u00fcberpr\u00fcft, dokumentiert und bewertet werden? Welche M\u00f6glichkeiten bieten automatisierte Prozesse, um Messungen effizienter und zuverl\u00e4ssiger zu gestalten?<\/p>\n\n\n\n<p class=\"wp-block-paragraph\">Dar\u00fcber hinaus widmet sich die Veranstaltung den Chancen digitaler Werkzeuge. Kann k\u00fcnstliche Intelligenz die Planung in Relux bereits heute vereinfachen? Wo liegen die Potenziale zur Zeitersparnis, und wo bleibt die Fachkompetenz der Planenden unverzichtbar? Praxisbeispiele zeigen zudem, wie Licht als architektonisches, technisches und emotionales Gestaltungselement eingesetzt werden kann.<\/p>\n\n\n\n<p class=\"wp-block-paragraph\">Mit kompakten Fachreferaten, konkreten Anwendungsbeispielen und Erfahrungsberichten bietet die Fachveranstaltung JEI einen umfassenden \u00dcberblick \u00fcber die Themen, welche die Innenbeleuchtung heute pr\u00e4gen. Gleichzeitig schafft die Veranstaltung Raum f\u00fcr den pers\u00f6nlichen Austausch mit Fachleuten der Branche und unterst\u00fctzt die Pflege sowie den Ausbau des beruflichen Netzwerks.<\/p>\n\n\n\n<p class=\"wp-block-paragraph\">Eine Fachtagung, die Orientierung bietet, neue Perspektiven er\u00f6ffnet und konkrete Impulse f\u00fcr zuk\u00fcnftige Projekte vermittelt. Wir freuen uns, Sie am 26. November 2026 in Lausanne begr\u00fcssen zu d\u00fcrfen.<\/p>\n\n\n<style id=\"bricks-inline-css-component-jbyshk\">\n\/* Global Classes *\/\n\n\/* BREAKPOINT: Desktop (BASE) *\/\n.editor-styles-wrapper .btn-base{align-items: center; justify-content: flex-start; column-gap: var(--space-4); font-size: var(--text-top-nav); font-weight: 900; line-height: 1.1; flex-wrap: nowrap; display: flex; transition: var(--transition-base); position: relative}\n.editor-styles-wrapper .btn-base:before{ content: \"\"; position: absolute; width: 100%; height: 100%; background: #EEFFCC; filter: blur(13px); z-index: -1; opacity: 0; transition: var(--transition-slow);} .editor-styles-wrapper .btn-base:hover:before{ opacity: 1;} .editor-styles-wrapper .btn-base svg{ position: relative; right: 0px; transition: var(--transition-base);} .editor-styles-wrapper .btn-base:hover svg{ right: calc( var(--space-2) * -1 );}\n\n\n\/* Global Variables *\/\n.editor-styles-wrapper{--fvb-green: #94C120;--fvb-light-blue: #5EBFEC;--fvb-blue: #1895D5;--fvb-dark-blue: #0F70B7;--darker-blue: #00375F;--lime: #EEFFCC;--ultradark-blue: #1B2730;--white: #FFFFFF;--black: #000000;--text-primary: #1B2730;--text-light: #FFFFFF;--radius-xs: 0.25rem;--radius-sm: 0.5rem;--radius-base: 0.75rem;--radius-md: 1rem;--radius-lg: 1.25rem;--radius-xl: 1.5rem;--radius-pill: 100px;--radius-circle: 50%;--space-1: 0.25rem;--space-2: 0.5rem;--space-3: 0.75rem;--space-4: 1rem;--space-5: 1.25rem;--space-6: 1.5rem;--space-8: 2rem;--space-10: 2.5rem;--space-12: 3rem;--space-16: 4rem;--space-20: 5rem;--space-24: 6rem;--gutter-mobile: 1rem;--gutter-tablet: 1.5rem;--gutter-desktop: 2rem;--font-primary: Albert Sans;--font-nav: Poppins;--font-weight-light: 300;--font-weight-regular: 400;--font-weight-medium: 500;--font-weight-black: 900;--h1-home-hero: clamp(4rem, -16.5909rem + 43.9394vw, 8.125rem);--h1: clamp(2.5rem, 0.5rem + 4.1667vw, 3.625rem);--h2: clamp(1.875rem, 0.2879rem + 3.5714vw, 2.5rem);--h3: clamp(1.675rem, 1.447rem + 0.8929vw, 2rem);--h4: 1.156rem;--text-lg: 1.438rem;--text-top-nav: 1.25rem;--text-p: 1.156rem;--text-nav: 1.125rem;--text-sm: 1.063rem;--lh-hero: 0.92;--lh-heading: 1.05;--lh-body: 1.4;--lh-relaxed: 1.52;--ls-tight: -0.05em;--ls-tighter: -0.04em;--ls-normal: 0;--container-xs: 480px;--container-sm: 640px;--container-md: 768px;--container-lg: 1024px;--container-xl: 1240px;--container-2xl: 1536px;--container-full: 100%;--grid-1col: 1fr;--grid-2col: repeat(2, minmax(0, 1fr));--grid-3col: repeat(3, minmax(0, 1fr));--grid-4col: repeat(4, minmax(0, 1fr));--grid-6col: repeat(6, minmax(0, 1fr));--grid-12col: repeat(12, minmax(0, 1fr));--grid-auto-fit: repeat(auto-fit, minmax(300px, 1fr));--grid-auto-fill: repeat(auto-fill, minmax(250px, 1fr));--transition-fast: all 150ms ease-in-out;--transition-base: all 200ms ease-in-out;--transition-slow: all 300ms ease-in-out;--transition-slower: all 500ms ease-in-out;--ease-in: cubic-bezier(0.4, 0, 1, 1);--ease-out: cubic-bezier(0, 0, 0.2, 1);--ease-in-out: cubic-bezier(0.4, 0, 0.2, 1);--glow: 0px 2px 18.1px 0px rgb(255, 255, 255);--text-glow: 0px 0px 9.5px 0px rgba(125, 255, 255, 0.34);--hard-shadow: 8px 8px 0px 0px rgb(0, 0, 0);--super-glow-btn-hover: 0px 0px 10.3px 0px rgba(125, 255, 255, 0.78);--header-shadow: 0px 4px 45.2px 0px rgba(0, 0, 0, 0.08);--z-dropdown: 1000;--z-sticky: 1020;--z-fixed: 1030;--z-modal: 1050;--z-tooltip: 1070;}\n\/* Global Colors *\/\n.editor-styles-wrapper{\n--bricks-color-grey-100: #f5f5f5;\n--bricks-color-grey-300: #e0e0e0;\n--bricks-color-grey-500: #9e9e9e;\n--bricks-color-grey-700: #616161;\n--bricks-color-grey-800: #424242;\n--bricks-color-grey-900: #212121;\n--bricks-color-yellow: #ffeb3b;\n--bricks-color-amber: #ffc107;\n--bricks-color-orange: #ff9800;\n--bricks-color-deep-orange: #ff5722;\n--bricks-color-red: #f44336;\n--bricks-color-purple: #9c27b0;\n--bricks-color-blue: #2196f3;\n--bricks-color-light-blue: #03a9f4;\n--bricks-color-sky-blue: #81D4FA;\n--bricks-color-green: #4caf50;\n--bricks-color-light-green: #8bc34a;\n--bricks-color-lime: #cddc39;\n}\n\n\/* Theme Styles *\/\n@view-transition{\n  navigation: auto;\n}\n\n@layer fvbbase;\n\nbody{\n    position: relative;\n}\n\n@layer fvbbase{\n  .editor-styles-wrapper main :where( ul, ol ){\n    padding-left: 1em;\n  }\n}\n\n\n.editor-styles-wrapper \/*\nbody.translatepress-de_DE :where(h1, h2, h3, h4, h5){\n  hyphens: auto;\n  -webkit-hyphens: auto; \n  -ms-hyphens: auto;     \n  overflow-wrap: break-word;\n}\n.editor-styles-wrapper *\/\n\n@media (max-width: 991px){\n  :where(h1, h2, h3, h4, h5) {\n    hyphens: auto;\n    -webkit-hyphens: auto; \/* Safari *\/\n    -ms-hyphens: auto;     \/* older Browser *\/\n    overflow-wrap: break-word;\n  }\n}\n\n\/* break links to prevent overflow *\/\n.editor-styles-wrapper a{\n  overflow-wrap: anywhere;\n  word-break: break-word;\n  min-width: 0;\n}\n\n\n.editor-styles-wrapper #brx-header .brxe-nav-menu a[href=\"#\"]{\n  cursor: default;\n}\n\n\n\/* BREAKPOINT: Desktop (BASE) *\/\n .editor-styles-wrapper{font-size: 100%}\n .editor-styles-wrapper{font-family: \"Albert Sans\"; font-size: var(--text-p); line-height: 1.4; font-weight: 400; color: var(--ultradark-blue)}\n .editor-styles-wrapper h1, .editor-styles-wrapper h2, .editor-styles-wrapper h3, .editor-styles-wrapper h4, .editor-styles-wrapper h5, .editor-styles-wrapper h6{font-weight: 400; line-height: 1.05}\n .editor-styles-wrapper h1{font-size: var(--h1); letter-spacing: -0.05em}\n .editor-styles-wrapper h2{letter-spacing: -0.04em; font-size: var(--h2)}\n .editor-styles-wrapper h3{letter-spacing: -0.04em; font-size: var(--h3)}\n .editor-styles-wrapper h4{font-size: var(--h4); line-height: 1.4; font-weight: 900}\n .editor-styles-wrapper .brxe-section{padding-top: var(--space-24); padding-right: 2rem; padding-bottom: var(--space-24); padding-left: 2rem}\n .editor-styles-wrapper .brxe-container{width: 100%; max-width: var(--container-xl)}\n .editor-styles-wrapper .woocommerce main.site-main{width: 100%}\n .editor-styles-wrapper #brx-content.wordpress{width: 100%; max-width: var(--container-xl)}\n .editor-styles-wrapper{background-color: #ffffff; background-repeat: no-repeat; background-size: 2490px; background-position: top center}\n .editor-styles-wrapper{background: none}\n\n\/* BREAKPOINT: Mobile landscape *\/\n@media (max-width: 767px){\n .editor-styles-wrapper .brxe-section{padding-top: var(--space-12); padding-bottom: var(--space-12)}\n}\n\/* BREAKPOINT: Mobile portrait *\/\n@media (max-width: 478px){\n .editor-styles-wrapper .brxe-section{padding-right: 1rem; padding-left: 1rem}\n}\n\n\/* Disable links in editor *\/\n.editor-styles-wrapper .brxe-jbyshk a{ pointer-events: none; }\n<\/style><a href=\"https:\/\/www.slg.ch\/fr\/evenements\/termine\/jei-journ-e-romande-pour-l-clairage-int-rieur.php\" target=\"_blank\" class=\"brxe-jbyshk brxe-div btn-base\"><div class=\"brxe-dvrtsr brxe-text-basic\">JEI Journ\u00e9e romande pour l&#8217;eclairage int\u00e9rieur<\/div><svg class=\"brxe-mlpuhf brxe-icon btn-base__icon brxi-jbyshk-2b363aea-c144-4577-aabc-f87f062aafed\" xmlns=\"http:\/\/www.w3.org\/2000\/svg\" width=\"19\" height=\"33\" viewBox=\"0 0 19 33\" fill=\"none\"><path d=\"M0.716797 0.696289L16.7469 16.2526C16.7469 16.2526 6.97696 25.7339 0.716797 31.809\" stroke=\"#1B2730\" stroke-width=\"2\"><\/path><\/svg><\/a>\n\n\n<p class=\"wp-block-paragraph\"><\/p>\n","protected":false},"excerpt":{"rendered":"<p>Die Westschweizer Veranstaltung \u201cJourn\u00e9e romande pour l\u2019\u00e9clairage int\u00e9rieur (JEI)\u201d ist eine Fachtagung zu aktuellen Herausforderungen und Entwicklungen der Beleuchtung in Geb\u00e4uden. Am 26. November 2026 treffen sich in Lausanne Expertinnen und Experten, Planende, Architektinnen und Architekten, Hersteller sowie Fachleute der Geb\u00e4udetechnik. Im Fokus stehen Normen, Energieeffizienz, Lichtqualit\u00e4t, Messtechnik, k\u00fcnstliche Intelligenz und Innovationen der Branche. Eine Plattform f\u00fcr Information, Austausch und Networking.<\/p>\n","protected":false},"author":3,"featured_media":1353,"comment_status":"open","ping_status":"open","sticky":false,"template":"","format":"standard","meta":{"_acf_changed":false,"footnotes":""},"categories":[1],"tags":[],"class_list":["post-1349","post","type-post","status-publish","format-standard","has-post-thumbnail","hentry","category-news"],"acf":[],"_links":{"self":[{"href":"https:\/\/fvb.ch\/de\/wp-json\/wp\/v2\/posts\/1349","targetHints":{"allow":["GET"]}}],"collection":[{"href":"https:\/\/fvb.ch\/de\/wp-json\/wp\/v2\/posts"}],"about":[{"href":"https:\/\/fvb.ch\/de\/wp-json\/wp\/v2\/types\/post"}],"author":[{"embeddable":true,"href":"https:\/\/fvb.ch\/de\/wp-json\/wp\/v2\/users\/3"}],"replies":[{"embeddable":true,"href":"https:\/\/fvb.ch\/de\/wp-json\/wp\/v2\/comments?post=1349"}],"version-history":[{"count":2,"href":"https:\/\/fvb.ch\/de\/wp-json\/wp\/v2\/posts\/1349\/revisions"}],"predecessor-version":[{"id":1354,"href":"https:\/\/fvb.ch\/de\/wp-json\/wp\/v2\/posts\/1349\/revisions\/1354"}],"wp:featuredmedia":[{"embeddable":true,"href":"https:\/\/fvb.ch\/de\/wp-json\/wp\/v2\/media\/1353"}],"wp:attachment":[{"href":"https:\/\/fvb.ch\/de\/wp-json\/wp\/v2\/media?parent=1349"}],"wp:term":[{"taxonomy":"category","embeddable":true,"href":"https:\/\/fvb.ch\/de\/wp-json\/wp\/v2\/categories?post=1349"},{"taxonomy":"post_tag","embeddable":true,"href":"https:\/\/fvb.ch\/de\/wp-json\/wp\/v2\/tags?post=1349"}],"curies":[{"name":"wp","href":"https:\/\/api.w.org\/{rel}","templated":true}]}}